{"id":2049,"date":"2016-09-25T19:12:17","date_gmt":"2016-09-25T17:12:17","guid":{"rendered":"https:\/\/scheitza-kunden.de\/seitz\/?p=2049"},"modified":"2016-09-25T19:12:17","modified_gmt":"2016-09-25T17:12:17","slug":"wochensalat-26-09-01-10-2016-gemuesesalat","status":"publish","type":"post","link":"https:\/\/scheitza-kunden.de\/seitz\/wochensalat-26-09-01-10-2016-gemuesesalat\/","title":{"rendered":"Wochensalat 26.09.-01.10.2016 Gem\u00fcsesalat"},"content":{"rendered":"<p><strong>Mediterraner Gem\u00fcsesalat<\/strong><\/p>\n<p>(Achtung vegetarisch)<\/p>\n<p>mit gebratenen Zucchini, Auberginen, Karotten und roten Zwiebeln, angemacht mit einem Oliven\u00f6l- Balsamico Dressing.<\/p>\n<p>Dazu empfehlen wir Ihnen ein sch\u00f6nes Steak vom Rind, oder Gefl\u00fcgel.<\/p>\n","protected":false},"excerpt":{"rendered":"<p>Mediterraner Gem\u00fcsesalat (Achtung vegetarisch) mit gebratenen Zucchini, Auberginen, Karotten und roten Zwiebeln, angemacht mit einem Oliven\u00f6l- Balsamico Dressing. Dazu empfehlen wir Ihnen ein sch\u00f6nes Steak vom Rind, oder Gefl\u00fcgel.<\/p>\n","protected":false},"author":3,"featured_media":599,"comment_status":"closed","ping_status":"closed","sticky":false,"template":"","format":"standard","meta":[],"categories":[1,3],"tags":[],"yoast_head":"<!-- This site is optimized with the Yoast SEO plugin v20.11 - https:\/\/yoast.com\/wordpress\/plugins\/seo\/ -->\n<title>Wochensalat 26.09.-01.10.2016 Gem\u00fcsesalat - Metzgerei Seitz<\/title>\n<meta name=\"robots\" content=\"index, follow, max-snippet:-1, max-image-preview:large, max-video-preview:-1\" \/>\n<link rel=\"canonical\" href=\"https:\/\/scheitza-kunden.de\/seitz\/wochensalat-26-09-01-10-2016-gemuesesalat\/\" \/>\n<meta property=\"og:locale\" content=\"de_DE\" \/>\n<meta property=\"og:type\" content=\"article\" \/>\n<meta property=\"og:title\" content=\"Wochensalat 26.09.-01.10.2016 Gem\u00fcsesalat - Metzgerei Seitz\" \/>\n<meta property=\"og:description\" content=\"Mediterraner Gem\u00fcsesalat (Achtung vegetarisch) mit gebratenen Zucchini, Auberginen, Karotten und roten Zwiebeln, angemacht mit einem Oliven\u00f6l- Balsamico Dressing. Dazu empfehlen wir Ihnen ein sch\u00f6nes Steak vom Rind, oder Gefl\u00fcgel.\" \/>\n<meta property=\"og:url\" content=\"https:\/\/scheitza-kunden.de\/seitz\/wochensalat-26-09-01-10-2016-gemuesesalat\/\" \/>\n<meta property=\"og:site_name\" content=\"Metzgerei Seitz\" \/>\n<meta property=\"article:published_time\" content=\"2016-09-25T17:12:17+00:00\" \/>\n<meta property=\"og:image\" content=\"https:\/\/scheitza-kunden.de\/seitz\/wp-content\/uploads\/2014\/10\/Mediterraner-Gem\u00fcsesalat.jpg\" \/>\n\t<meta property=\"og:image:width\" content=\"450\" \/>\n\t<meta property=\"og:image:height\" content=\"300\" \/>\n\t<meta property=\"og:image:type\" content=\"image\/jpeg\" \/>\n<meta name=\"author\" content=\"Metzgerei Seitz\" \/>\n<meta name=\"twitter:card\" content=\"summary_large_image\" \/>\n<meta name=\"twitter:label1\" content=\"Verfasst von\" \/>\n\t<meta name=\"twitter:data1\" content=\"Metzgerei Seitz\" \/>\n<script type=\"application\/ld+json\" class=\"yoast-schema-graph\">{\"@context\":\"https:\/\/schema.org\",\"@graph\":[{\"@type\":\"WebPage\",\"@id\":\"https:\/\/scheitza-kunden.de\/seitz\/wochensalat-26-09-01-10-2016-gemuesesalat\/\",\"url\":\"https:\/\/scheitza-kunden.de\/seitz\/wochensalat-26-09-01-10-2016-gemuesesalat\/\",\"name\":\"Wochensalat 26.09.-01.10.2016 Gem\u00fcsesalat - Metzgerei Seitz\",\"isPartOf\":{\"@id\":\"https:\/\/scheitza-kunden.de\/seitz\/#website\"},\"datePublished\":\"2016-09-25T17:12:17+00:00\",\"dateModified\":\"2016-09-25T17:12:17+00:00\",\"author\":{\"@id\":\"https:\/\/scheitza-kunden.de\/seitz\/#\/schema\/person\/8d5467e981592fef5503eec145a05a45\"},\"breadcrumb\":{\"@id\":\"https:\/\/scheitza-kunden.de\/seitz\/wochensalat-26-09-01-10-2016-gemuesesalat\/#breadcrumb\"},\"inLanguage\":\"de\",\"potentialAction\":[{\"@type\":\"ReadAction\",\"target\":[\"https:\/\/scheitza-kunden.de\/seitz\/wochensalat-26-09-01-10-2016-gemuesesalat\/\"]}]},{\"@type\":\"BreadcrumbList\",\"@id\":\"https:\/\/scheitza-kunden.de\/seitz\/wochensalat-26-09-01-10-2016-gemuesesalat\/#breadcrumb\",\"itemListElement\":[{\"@type\":\"ListItem\",\"position\":1,\"name\":\"Startseite\",\"item\":\"https:\/\/scheitza-kunden.de\/seitz\/\"},{\"@type\":\"ListItem\",\"position\":2,\"name\":\"Wochensalat 26.09.-01.10.2016 Gem\u00fcsesalat\"}]},{\"@type\":\"WebSite\",\"@id\":\"https:\/\/scheitza-kunden.de\/seitz\/#website\",\"url\":\"https:\/\/scheitza-kunden.de\/seitz\/\",\"name\":\"Metzgerei Seitz\",\"description\":\"Rundum ein Genuss\",\"potentialAction\":[{\"@type\":\"SearchAction\",\"target\":{\"@type\":\"EntryPoint\",\"urlTemplate\":\"https:\/\/scheitza-kunden.de\/seitz\/?s={search_term_string}\"},\"query-input\":\"required name=search_term_string\"}],\"inLanguage\":\"de\"},{\"@type\":\"Person\",\"@id\":\"https:\/\/scheitza-kunden.de\/seitz\/#\/schema\/person\/8d5467e981592fef5503eec145a05a45\",\"name\":\"Metzgerei Seitz\",\"image\":{\"@type\":\"ImageObject\",\"inLanguage\":\"de\",\"@id\":\"https:\/\/scheitza-kunden.de\/seitz\/#\/schema\/person\/image\/\",\"url\":\"https:\/\/secure.gravatar.com\/avatar\/31196fae30b57624aa4c60b46b88c5e6?s=96&d=mm&r=g\",\"contentUrl\":\"https:\/\/secure.gravatar.com\/avatar\/31196fae30b57624aa4c60b46b88c5e6?s=96&d=mm&r=g\",\"caption\":\"Metzgerei Seitz\"},\"url\":\"https:\/\/scheitza-kunden.de\/seitz\/author\/redaktionseitz\/\"}]}<\/script>\n<!-- \/ Yoast SEO plugin. -->","yoast_head_json":{"title":"Wochensalat 26.09.-01.10.2016 Gem\u00fcsesalat - Metzgerei Seitz","robots":{"index":"index","follow":"follow","max-snippet":"max-snippet:-1","max-image-preview":"max-image-preview:large","max-video-preview":"max-video-preview:-1"},"canonical":"https:\/\/scheitza-kunden.de\/seitz\/wochensalat-26-09-01-10-2016-gemuesesalat\/","og_locale":"de_DE","og_type":"article","og_title":"Wochensalat 26.09.-01.10.2016 Gem\u00fcsesalat - Metzgerei Seitz","og_description":"Mediterraner Gem\u00fcsesalat (Achtung vegetarisch) mit gebratenen Zucchini, Auberginen, Karotten und roten Zwiebeln, angemacht mit einem Oliven\u00f6l- Balsamico Dressing. Dazu empfehlen wir Ihnen ein sch\u00f6nes Steak vom Rind, oder Gefl\u00fcgel.","og_url":"https:\/\/scheitza-kunden.de\/seitz\/wochensalat-26-09-01-10-2016-gemuesesalat\/","og_site_name":"Metzgerei Seitz","article_published_time":"2016-09-25T17:12:17+00:00","og_image":[{"width":450,"height":300,"url":"https:\/\/scheitza-kunden.de\/seitz\/wp-content\/uploads\/2014\/10\/Mediterraner-Gem\u00fcsesalat.jpg","type":"image\/jpeg"}],"author":"Metzgerei Seitz","twitter_card":"summary_large_image","twitter_misc":{"Verfasst von":"Metzgerei Seitz"},"schema":{"@context":"https:\/\/schema.org","@graph":[{"@type":"WebPage","@id":"https:\/\/scheitza-kunden.de\/seitz\/wochensalat-26-09-01-10-2016-gemuesesalat\/","url":"https:\/\/scheitza-kunden.de\/seitz\/wochensalat-26-09-01-10-2016-gemuesesalat\/","name":"Wochensalat 26.09.-01.10.2016 Gem\u00fcsesalat - Metzgerei Seitz","isPartOf":{"@id":"https:\/\/scheitza-kunden.de\/seitz\/#website"},"datePublished":"2016-09-25T17:12:17+00:00","dateModified":"2016-09-25T17:12:17+00:00","author":{"@id":"https:\/\/scheitza-kunden.de\/seitz\/#\/schema\/person\/8d5467e981592fef5503eec145a05a45"},"breadcrumb":{"@id":"https:\/\/scheitza-kunden.de\/seitz\/wochensalat-26-09-01-10-2016-gemuesesalat\/#breadcrumb"},"inLanguage":"de","potentialAction":[{"@type":"ReadAction","target":["https:\/\/scheitza-kunden.de\/seitz\/wochensalat-26-09-01-10-2016-gemuesesalat\/"]}]},{"@type":"BreadcrumbList","@id":"https:\/\/scheitza-kunden.de\/seitz\/wochensalat-26-09-01-10-2016-gemuesesalat\/#breadcrumb","itemListElement":[{"@type":"ListItem","position":1,"name":"Startseite","item":"https:\/\/scheitza-kunden.de\/seitz\/"},{"@type":"ListItem","position":2,"name":"Wochensalat 26.09.-01.10.2016 Gem\u00fcsesalat"}]},{"@type":"WebSite","@id":"https:\/\/scheitza-kunden.de\/seitz\/#website","url":"https:\/\/scheitza-kunden.de\/seitz\/","name":"Metzgerei Seitz","description":"Rundum ein Genuss","potentialAction":[{"@type":"SearchAction","target":{"@type":"EntryPoint","urlTemplate":"https:\/\/scheitza-kunden.de\/seitz\/?s={search_term_string}"},"query-input":"required name=search_term_string"}],"inLanguage":"de"},{"@type":"Person","@id":"https:\/\/scheitza-kunden.de\/seitz\/#\/schema\/person\/8d5467e981592fef5503eec145a05a45","name":"Metzgerei Seitz","image":{"@type":"ImageObject","inLanguage":"de","@id":"https:\/\/scheitza-kunden.de\/seitz\/#\/schema\/person\/image\/","url":"https:\/\/secure.gravatar.com\/avatar\/31196fae30b57624aa4c60b46b88c5e6?s=96&d=mm&r=g","contentUrl":"https:\/\/secure.gravatar.com\/avatar\/31196fae30b57624aa4c60b46b88c5e6?s=96&d=mm&r=g","caption":"Metzgerei Seitz"},"url":"https:\/\/scheitza-kunden.de\/seitz\/author\/redaktionseitz\/"}]}},"_links":{"self":[{"href":"https:\/\/scheitza-kunden.de\/seitz\/wp-json\/wp\/v2\/posts\/2049"}],"collection":[{"href":"https:\/\/scheitza-kunden.de\/seitz\/wp-json\/wp\/v2\/posts"}],"about":[{"href":"https:\/\/scheitza-kunden.de\/seitz\/wp-json\/wp\/v2\/types\/post"}],"author":[{"embeddable":true,"href":"https:\/\/scheitza-kunden.de\/seitz\/wp-json\/wp\/v2\/users\/3"}],"replies":[{"embeddable":true,"href":"https:\/\/scheitza-kunden.de\/seitz\/wp-json\/wp\/v2\/comments?post=2049"}],"version-history":[{"count":0,"href":"https:\/\/scheitza-kunden.de\/seitz\/wp-json\/wp\/v2\/posts\/2049\/revisions"}],"wp:featuredmedia":[{"embeddable":true,"href":"https:\/\/scheitza-kunden.de\/seitz\/wp-json\/wp\/v2\/media\/599"}],"wp:attachment":[{"href":"https:\/\/scheitza-kunden.de\/seitz\/wp-json\/wp\/v2\/media?parent=2049"}],"wp:term":[{"taxonomy":"category","embeddable":true,"href":"https:\/\/scheitza-kunden.de\/seitz\/wp-json\/wp\/v2\/categories?post=2049"},{"taxonomy":"post_tag","embeddable":true,"href":"https:\/\/scheitza-kunden.de\/seitz\/wp-json\/wp\/v2\/tags?post=2049"}],"curies":[{"name":"wp","href":"https:\/\/api.w.org\/{rel}","templated":true}]}}