{"id":2496,"date":"2017-06-17T20:50:20","date_gmt":"2017-06-17T18:50:20","guid":{"rendered":"https:\/\/scheitza-kunden.de\/seitz\/?p=2496"},"modified":"2017-06-17T20:50:20","modified_gmt":"2017-06-17T18:50:20","slug":"wochensalat-19-06-23-06-2016-broccoli-salat","status":"publish","type":"post","link":"https:\/\/scheitza-kunden.de\/seitz\/wochensalat-19-06-23-06-2016-broccoli-salat\/","title":{"rendered":"WOCHENSALAT 19.06.-23.06.2016 Broccoli-Salat"},"content":{"rendered":"<p><strong>Broccoli-Salat<\/strong><\/p>\n<p><strong>Zutaten: <\/strong>Broccoli, Speck, Zwiebel, getrocknete Tomaten, Essig, \u00d6l und Gew\u00fcrze.<\/p>\n<p><strong>Wir empfehlen:<\/strong><\/p>\n<p>Lassen Sie sich etwas mehr von dem Dressing geben.  Kaufen Sie pro Person einen Semmelkn\u00f6del, schneiden Sie diesen in W\u00fcrfel, braten Sie die W\u00fcrfel kurz in der Pfanne an und geben Sie dann den Salat \u00fcber die gebackenen W\u00fcrfel.<\/p>\n<p>Lecker.<\/p>\n","protected":false},"excerpt":{"rendered":"<p>Broccoli-Salat Zutaten: Broccoli, Speck, Zwiebel, getrocknete Tomaten, Essig, \u00d6l und Gew\u00fcrze. Wir empfehlen: Lassen Sie sich etwas mehr von dem Dressing geben. Kaufen Sie pro Person einen Semmelkn\u00f6del, schneiden Sie diesen in W\u00fcrfel, braten Sie die W\u00fcrfel kurz in der Pfanne an und geben Sie dann den Salat \u00fcber die gebackenen W\u00fcrfel. Lecker.<\/p>\n","protected":false},"author":3,"featured_media":708,"comment_status":"closed","ping_status":"closed","sticky":false,"template":"","format":"standard","meta":[],"categories":[1,3],"tags":[],"yoast_head":"<!-- This site is optimized with the Yoast SEO plugin v20.11 - https:\/\/yoast.com\/wordpress\/plugins\/seo\/ -->\n<title>WOCHENSALAT 19.06.-23.06.2016 Broccoli-Salat - Metzgerei Seitz<\/title>\n<meta name=\"robots\" content=\"index, follow, max-snippet:-1, max-image-preview:large, max-video-preview:-1\" \/>\n<link rel=\"canonical\" href=\"https:\/\/scheitza-kunden.de\/seitz\/wochensalat-19-06-23-06-2016-broccoli-salat\/\" \/>\n<meta property=\"og:locale\" content=\"de_DE\" \/>\n<meta property=\"og:type\" content=\"article\" \/>\n<meta property=\"og:title\" content=\"WOCHENSALAT 19.06.-23.06.2016 Broccoli-Salat - Metzgerei Seitz\" \/>\n<meta property=\"og:description\" content=\"Broccoli-Salat Zutaten: Broccoli, Speck, Zwiebel, getrocknete Tomaten, Essig, \u00d6l und Gew\u00fcrze. Wir empfehlen: Lassen Sie sich etwas mehr von dem Dressing geben. Kaufen Sie pro Person einen Semmelkn\u00f6del, schneiden Sie diesen in W\u00fcrfel, braten Sie die W\u00fcrfel kurz in der Pfanne an und geben Sie dann den Salat \u00fcber die gebackenen W\u00fcrfel. Lecker.\" \/>\n<meta property=\"og:url\" content=\"https:\/\/scheitza-kunden.de\/seitz\/wochensalat-19-06-23-06-2016-broccoli-salat\/\" \/>\n<meta property=\"og:site_name\" content=\"Metzgerei Seitz\" \/>\n<meta property=\"article:published_time\" content=\"2017-06-17T18:50:20+00:00\" \/>\n<meta property=\"og:image\" content=\"https:\/\/scheitza-kunden.de\/seitz\/wp-content\/uploads\/2014\/11\/Broccolisalat.jpg\" \/>\n\t<meta property=\"og:image:width\" content=\"450\" \/>\n\t<meta property=\"og:image:height\" content=\"300\" \/>\n\t<meta property=\"og:image:type\" content=\"image\/jpeg\" \/>\n<meta name=\"author\" content=\"Metzgerei Seitz\" \/>\n<meta name=\"twitter:card\" content=\"summary_large_image\" \/>\n<meta name=\"twitter:label1\" content=\"Verfasst von\" \/>\n\t<meta name=\"twitter:data1\" content=\"Metzgerei Seitz\" \/>\n<script type=\"application\/ld+json\" class=\"yoast-schema-graph\">{\"@context\":\"https:\/\/schema.org\",\"@graph\":[{\"@type\":\"WebPage\",\"@id\":\"https:\/\/scheitza-kunden.de\/seitz\/wochensalat-19-06-23-06-2016-broccoli-salat\/\",\"url\":\"https:\/\/scheitza-kunden.de\/seitz\/wochensalat-19-06-23-06-2016-broccoli-salat\/\",\"name\":\"WOCHENSALAT 19.06.-23.06.2016 Broccoli-Salat - Metzgerei Seitz\",\"isPartOf\":{\"@id\":\"https:\/\/scheitza-kunden.de\/seitz\/#website\"},\"datePublished\":\"2017-06-17T18:50:20+00:00\",\"dateModified\":\"2017-06-17T18:50:20+00:00\",\"author\":{\"@id\":\"https:\/\/scheitza-kunden.de\/seitz\/#\/schema\/person\/8d5467e981592fef5503eec145a05a45\"},\"breadcrumb\":{\"@id\":\"https:\/\/scheitza-kunden.de\/seitz\/wochensalat-19-06-23-06-2016-broccoli-salat\/#breadcrumb\"},\"inLanguage\":\"de\",\"potentialAction\":[{\"@type\":\"ReadAction\",\"target\":[\"https:\/\/scheitza-kunden.de\/seitz\/wochensalat-19-06-23-06-2016-broccoli-salat\/\"]}]},{\"@type\":\"BreadcrumbList\",\"@id\":\"https:\/\/scheitza-kunden.de\/seitz\/wochensalat-19-06-23-06-2016-broccoli-salat\/#breadcrumb\",\"itemListElement\":[{\"@type\":\"ListItem\",\"position\":1,\"name\":\"Startseite\",\"item\":\"https:\/\/scheitza-kunden.de\/seitz\/\"},{\"@type\":\"ListItem\",\"position\":2,\"name\":\"WOCHENSALAT 19.06.-23.06.2016 Broccoli-Salat\"}]},{\"@type\":\"WebSite\",\"@id\":\"https:\/\/scheitza-kunden.de\/seitz\/#website\",\"url\":\"https:\/\/scheitza-kunden.de\/seitz\/\",\"name\":\"Metzgerei Seitz\",\"description\":\"Rundum ein Genuss\",\"potentialAction\":[{\"@type\":\"SearchAction\",\"target\":{\"@type\":\"EntryPoint\",\"urlTemplate\":\"https:\/\/scheitza-kunden.de\/seitz\/?s={search_term_string}\"},\"query-input\":\"required name=search_term_string\"}],\"inLanguage\":\"de\"},{\"@type\":\"Person\",\"@id\":\"https:\/\/scheitza-kunden.de\/seitz\/#\/schema\/person\/8d5467e981592fef5503eec145a05a45\",\"name\":\"Metzgerei Seitz\",\"image\":{\"@type\":\"ImageObject\",\"inLanguage\":\"de\",\"@id\":\"https:\/\/scheitza-kunden.de\/seitz\/#\/schema\/person\/image\/\",\"url\":\"https:\/\/secure.gravatar.com\/avatar\/31196fae30b57624aa4c60b46b88c5e6?s=96&d=mm&r=g\",\"contentUrl\":\"https:\/\/secure.gravatar.com\/avatar\/31196fae30b57624aa4c60b46b88c5e6?s=96&d=mm&r=g\",\"caption\":\"Metzgerei Seitz\"},\"url\":\"https:\/\/scheitza-kunden.de\/seitz\/author\/redaktionseitz\/\"}]}<\/script>\n<!-- \/ Yoast SEO plugin. -->","yoast_head_json":{"title":"WOCHENSALAT 19.06.-23.06.2016 Broccoli-Salat - Metzgerei Seitz","robots":{"index":"index","follow":"follow","max-snippet":"max-snippet:-1","max-image-preview":"max-image-preview:large","max-video-preview":"max-video-preview:-1"},"canonical":"https:\/\/scheitza-kunden.de\/seitz\/wochensalat-19-06-23-06-2016-broccoli-salat\/","og_locale":"de_DE","og_type":"article","og_title":"WOCHENSALAT 19.06.-23.06.2016 Broccoli-Salat - Metzgerei Seitz","og_description":"Broccoli-Salat Zutaten: Broccoli, Speck, Zwiebel, getrocknete Tomaten, Essig, \u00d6l und Gew\u00fcrze. Wir empfehlen: Lassen Sie sich etwas mehr von dem Dressing geben. Kaufen Sie pro Person einen Semmelkn\u00f6del, schneiden Sie diesen in W\u00fcrfel, braten Sie die W\u00fcrfel kurz in der Pfanne an und geben Sie dann den Salat \u00fcber die gebackenen W\u00fcrfel. Lecker.","og_url":"https:\/\/scheitza-kunden.de\/seitz\/wochensalat-19-06-23-06-2016-broccoli-salat\/","og_site_name":"Metzgerei Seitz","article_published_time":"2017-06-17T18:50:20+00:00","og_image":[{"width":450,"height":300,"url":"https:\/\/scheitza-kunden.de\/seitz\/wp-content\/uploads\/2014\/11\/Broccolisalat.jpg","type":"image\/jpeg"}],"author":"Metzgerei Seitz","twitter_card":"summary_large_image","twitter_misc":{"Verfasst von":"Metzgerei Seitz"},"schema":{"@context":"https:\/\/schema.org","@graph":[{"@type":"WebPage","@id":"https:\/\/scheitza-kunden.de\/seitz\/wochensalat-19-06-23-06-2016-broccoli-salat\/","url":"https:\/\/scheitza-kunden.de\/seitz\/wochensalat-19-06-23-06-2016-broccoli-salat\/","name":"WOCHENSALAT 19.06.-23.06.2016 Broccoli-Salat - Metzgerei Seitz","isPartOf":{"@id":"https:\/\/scheitza-kunden.de\/seitz\/#website"},"datePublished":"2017-06-17T18:50:20+00:00","dateModified":"2017-06-17T18:50:20+00:00","author":{"@id":"https:\/\/scheitza-kunden.de\/seitz\/#\/schema\/person\/8d5467e981592fef5503eec145a05a45"},"breadcrumb":{"@id":"https:\/\/scheitza-kunden.de\/seitz\/wochensalat-19-06-23-06-2016-broccoli-salat\/#breadcrumb"},"inLanguage":"de","potentialAction":[{"@type":"ReadAction","target":["https:\/\/scheitza-kunden.de\/seitz\/wochensalat-19-06-23-06-2016-broccoli-salat\/"]}]},{"@type":"BreadcrumbList","@id":"https:\/\/scheitza-kunden.de\/seitz\/wochensalat-19-06-23-06-2016-broccoli-salat\/#breadcrumb","itemListElement":[{"@type":"ListItem","position":1,"name":"Startseite","item":"https:\/\/scheitza-kunden.de\/seitz\/"},{"@type":"ListItem","position":2,"name":"WOCHENSALAT 19.06.-23.06.2016 Broccoli-Salat"}]},{"@type":"WebSite","@id":"https:\/\/scheitza-kunden.de\/seitz\/#website","url":"https:\/\/scheitza-kunden.de\/seitz\/","name":"Metzgerei Seitz","description":"Rundum ein Genuss","potentialAction":[{"@type":"SearchAction","target":{"@type":"EntryPoint","urlTemplate":"https:\/\/scheitza-kunden.de\/seitz\/?s={search_term_string}"},"query-input":"required name=search_term_string"}],"inLanguage":"de"},{"@type":"Person","@id":"https:\/\/scheitza-kunden.de\/seitz\/#\/schema\/person\/8d5467e981592fef5503eec145a05a45","name":"Metzgerei Seitz","image":{"@type":"ImageObject","inLanguage":"de","@id":"https:\/\/scheitza-kunden.de\/seitz\/#\/schema\/person\/image\/","url":"https:\/\/secure.gravatar.com\/avatar\/31196fae30b57624aa4c60b46b88c5e6?s=96&d=mm&r=g","contentUrl":"https:\/\/secure.gravatar.com\/avatar\/31196fae30b57624aa4c60b46b88c5e6?s=96&d=mm&r=g","caption":"Metzgerei Seitz"},"url":"https:\/\/scheitza-kunden.de\/seitz\/author\/redaktionseitz\/"}]}},"_links":{"self":[{"href":"https:\/\/scheitza-kunden.de\/seitz\/wp-json\/wp\/v2\/posts\/2496"}],"collection":[{"href":"https:\/\/scheitza-kunden.de\/seitz\/wp-json\/wp\/v2\/posts"}],"about":[{"href":"https:\/\/scheitza-kunden.de\/seitz\/wp-json\/wp\/v2\/types\/post"}],"author":[{"embeddable":true,"href":"https:\/\/scheitza-kunden.de\/seitz\/wp-json\/wp\/v2\/users\/3"}],"replies":[{"embeddable":true,"href":"https:\/\/scheitza-kunden.de\/seitz\/wp-json\/wp\/v2\/comments?post=2496"}],"version-history":[{"count":0,"href":"https:\/\/scheitza-kunden.de\/seitz\/wp-json\/wp\/v2\/posts\/2496\/revisions"}],"wp:featuredmedia":[{"embeddable":true,"href":"https:\/\/scheitza-kunden.de\/seitz\/wp-json\/wp\/v2\/media\/708"}],"wp:attachment":[{"href":"https:\/\/scheitza-kunden.de\/seitz\/wp-json\/wp\/v2\/media?parent=2496"}],"wp:term":[{"taxonomy":"category","embeddable":true,"href":"https:\/\/scheitza-kunden.de\/seitz\/wp-json\/wp\/v2\/categories?post=2496"},{"taxonomy":"post_tag","embeddable":true,"href":"https:\/\/scheitza-kunden.de\/seitz\/wp-json\/wp\/v2\/tags?post=2496"}],"curies":[{"name":"wp","href":"https:\/\/api.w.org\/{rel}","templated":true}]}}